{"id":2977,"date":"2020-12-12T17:18:00","date_gmt":"2020-12-12T16:18:00","guid":{"rendered":"https:\/\/www.loekenfranke.de\/?p=2977"},"modified":"2024-11-14T12:24:45","modified_gmt":"2024-11-14T11:24:45","slug":"2977","status":"publish","type":"post","link":"https:\/\/www.loekenfranke.de\/?p=2977","title":{"rendered":"Bildwelt Ruhrtriennale 2023"},"content":{"rendered":"\n<p><a href=\"https:\/\/www.loekenfranke.de\/de\/wp-admin\/edit.php?post_type=post\"><\/a><\/p>\n\n\n\n<figure class=\"wp-block-image size-large\"><img loading=\"lazy\" decoding=\"async\" width=\"1024\" height=\"512\" src=\"https:\/\/www.loekenfranke.de\/de\/wp-content\/uploads\/2023\/08\/LF_Profil_Projekte_Bildwelt10-1024x512.jpg\" alt=\"\" class=\"wp-image-3019\" srcset=\"https:\/\/www.loekenfranke.de\/de\/wp-content\/uploads\/2023\/08\/LF_Profil_Projekte_Bildwelt10-1024x512.jpg 1024w, https:\/\/www.loekenfranke.de\/de\/wp-content\/uploads\/2023\/08\/LF_Profil_Projekte_Bildwelt10-300x150.jpg 300w, https:\/\/www.loekenfranke.de\/de\/wp-content\/uploads\/2023\/08\/LF_Profil_Projekte_Bildwelt10-768x384.jpg 768w, https:\/\/www.loekenfranke.de\/de\/wp-content\/uploads\/2023\/08\/LF_Profil_Projekte_Bildwelt10-1536x768.jpg 1536w, https:\/\/www.loekenfranke.de\/de\/wp-content\/uploads\/2023\/08\/LF_Profil_Projekte_Bildwelt10-2048x1024.jpg 2048w\" sizes=\"auto, (max-width: 1024px) 100vw, 1024px\" \/><\/figure>\n\n\n\n<div style=\"height:40px\" aria-hidden=\"true\" class=\"wp-block-spacer\"><\/div>\n\n\n\n<div class=\"wp-block-columns is-layout-flex wp-container-core-columns-is-layout-1 wp-block-columns-is-layout-flex\">\n<div class=\"wp-block-column is-layout-flow wp-block-column-is-layout-flow\">\n<p class=\"has-black-color has-text-color\"><strong>Bildwelt Ruhrtiennale 2023<\/strong><\/p>\n\n\n\n<p>FOTOGRAFIE<\/p>\n\n\n\n<p>Plakatmotive (6)<br>Bildstrecke mit 33 Fotos (Festivalkatalog)<br><em>Im Rahmen <\/em>der <em>Ruhrtriennale<\/em> 2023<\/p>\n\n\n\n<p><strong>Konzept, Realisation und Fotos<\/strong>: Michael Loeken, Ulrike Franke<br><br><br><\/p>\n\n\n\n<p><\/p>\n\n\n\n<p><br><br><\/p>\n<\/div>\n\n\n\n<div class=\"wp-block-column is-layout-flow wp-block-column-is-layout-flow\">\n<p>F\u00fcr die Ruhrtriennale 2023 hat das Filmkollektiv loekenfranke eine ganz eigene Bildwelt geschaffen und sich daf\u00fcr auf eine dokumentarische Reise mit Birdwatchern im Ruhrgebiet gemacht. Die Beobachtung der V\u00f6gel weckt Erinnerungen in den Menschen und l\u00e4sst sie \u00fcber ihre eigene Situation nachdenken, doch w\u00e4hrend die Menschen die V\u00f6gel beobachten, sind sie eigentlich auf der Suche nach etwas ganz anderem.<\/p>\n\n\n\n<p>Die entstandenen Bilder bilden die Grundlage f\u00fcr die gesamte Festivalkommunikation. Mit einer umfangreichen Bildstrecke wird die k\u00fcnstlerische Arbeit dar\u00fcber hinaus auch im Katalog zur Ruhrtriennale 2023 erscheinen.<\/p>\n\n\n\n<p><em>Text: Ruhrtriennale \/ Judith Gerstenberg (Auszug)<\/em><\/p>\n<\/div>\n<\/div>\n\n\n\n<div style=\"height:100px\" aria-hidden=\"true\" id=\"events\" class=\"wp-block-spacer\"><\/div>\n\n\n\n<hr class=\"wp-block-separator has-css-opacity\"\/>\n\n\n\n<div style=\"height:35px\" aria-hidden=\"true\" class=\"wp-block-spacer\"><\/div>\n\n\n\n<p class=\"has-text-align-center\" style=\"font-size:22px\"><strong>KATALOG \/ AUSSTELLUNG<\/strong><\/p>\n\n\n\n<div class=\"wp-block-columns is-layout-flex wp-container-core-columns-is-layout-2 wp-block-columns-is-layout-flex\">\n<div class=\"wp-block-column is-layout-flow wp-block-column-is-layout-flow\">\n<p>2023\u00a0 \u2014 <strong>Ruhrtriennale <\/strong>(Festivalkaltalog)<\/p>\n\n\n\n<p>2024\u00a0 \u2014 <strong>Buchhandlung transfer <\/strong>(Ausstellung), Dortmund-H\u00f6rde<\/p>\n<\/div>\n\n\n\n<div class=\"wp-block-column is-layout-flow wp-block-column-is-layout-flow\">\n<p><\/p>\n\n\n\n<p><\/p>\n\n\n\n<p><\/p>\n<\/div>\n<\/div>\n\n\n\n<div style=\"height:100px\" aria-hidden=\"true\" id=\"picts\" class=\"wp-block-spacer\"><\/div>\n\n\n\n<hr class=\"wp-block-separator has-css-opacity\"\/>\n\n\n\n<div style=\"height:70px\" aria-hidden=\"true\" class=\"wp-block-spacer\"><\/div>\n\n\n\n<p class=\"has-text-align-center\" style=\"font-size:22px\"><strong>PICTS<\/strong><\/p>\n\n\n\n<figure class=\"wp-block-gallery has-nested-images columns-2 is-cropped wp-block-gallery-1 is-layout-flex wp-block-gallery-is-layout-flex\">\n<figure class=\"wp-block-image size-large\"><img loading=\"lazy\" decoding=\"async\" width=\"1024\" height=\"682\" data-id=\"3027\" src=\"https:\/\/www.loekenfranke.de\/de\/wp-content\/uploads\/2023\/08\/1-Bildwelt-1024x682.jpg\" alt=\"\" class=\"wp-image-3027\" srcset=\"https:\/\/www.loekenfranke.de\/de\/wp-content\/uploads\/2023\/08\/1-Bildwelt-1024x682.jpg 1024w, https:\/\/www.loekenfranke.de\/de\/wp-content\/uploads\/2023\/08\/1-Bildwelt-300x200.jpg 300w, https:\/\/www.loekenfranke.de\/de\/wp-content\/uploads\/2023\/08\/1-Bildwelt-768x511.jpg 768w, https:\/\/www.loekenfranke.de\/de\/wp-content\/uploads\/2023\/08\/1-Bildwelt.jpg 1134w\" sizes=\"auto, (max-width: 1024px) 100vw, 1024px\" \/><\/figure>\n\n\n\n<figure class=\"wp-block-image size-large\"><img loading=\"lazy\" decoding=\"async\" width=\"1024\" height=\"683\" data-id=\"3028\" src=\"https:\/\/www.loekenfranke.de\/de\/wp-content\/uploads\/2023\/08\/2-Bildwelt-1024x683.jpg\" alt=\"\" class=\"wp-image-3028\" srcset=\"https:\/\/www.loekenfranke.de\/de\/wp-content\/uploads\/2023\/08\/2-Bildwelt-1024x683.jpg 1024w, https:\/\/www.loekenfranke.de\/de\/wp-content\/uploads\/2023\/08\/2-Bildwelt-300x200.jpg 300w, https:\/\/www.loekenfranke.de\/de\/wp-content\/uploads\/2023\/08\/2-Bildwelt-768x512.jpg 768w, https:\/\/www.loekenfranke.de\/de\/wp-content\/uploads\/2023\/08\/2-Bildwelt.jpg 1134w\" sizes=\"auto, (max-width: 1024px) 100vw, 1024px\" \/><\/figure>\n\n\n\n<figure class=\"wp-block-image size-large\"><img loading=\"lazy\" decoding=\"async\" width=\"1024\" height=\"681\" data-id=\"3029\" src=\"https:\/\/www.loekenfranke.de\/de\/wp-content\/uploads\/2023\/08\/3-Bildwelt-1024x681.jpg\" alt=\"\" class=\"wp-image-3029\" srcset=\"https:\/\/www.loekenfranke.de\/de\/wp-content\/uploads\/2023\/08\/3-Bildwelt-1024x681.jpg 1024w, https:\/\/www.loekenfranke.de\/de\/wp-content\/uploads\/2023\/08\/3-Bildwelt-300x199.jpg 300w, https:\/\/www.loekenfranke.de\/de\/wp-content\/uploads\/2023\/08\/3-Bildwelt-768x511.jpg 768w, https:\/\/www.loekenfranke.de\/de\/wp-content\/uploads\/2023\/08\/3-Bildwelt.jpg 1134w\" sizes=\"auto, (max-width: 1024px) 100vw, 1024px\" \/><\/figure>\n\n\n\n<figure class=\"wp-block-image size-large\"><img loading=\"lazy\" decoding=\"async\" width=\"1024\" height=\"683\" data-id=\"3030\" src=\"https:\/\/www.loekenfranke.de\/de\/wp-content\/uploads\/2023\/08\/4-Bildwelt-1024x683.jpg\" alt=\"\" class=\"wp-image-3030\" srcset=\"https:\/\/www.loekenfranke.de\/de\/wp-content\/uploads\/2023\/08\/4-Bildwelt-1024x683.jpg 1024w, https:\/\/www.loekenfranke.de\/de\/wp-content\/uploads\/2023\/08\/4-Bildwelt-300x200.jpg 300w, https:\/\/www.loekenfranke.de\/de\/wp-content\/uploads\/2023\/08\/4-Bildwelt-768x512.jpg 768w, https:\/\/www.loekenfranke.de\/de\/wp-content\/uploads\/2023\/08\/4-Bildwelt.jpg 1134w\" sizes=\"auto, (max-width: 1024px) 100vw, 1024px\" \/><\/figure>\n\n\n\n<figure class=\"wp-block-image size-large\"><img loading=\"lazy\" decoding=\"async\" width=\"1024\" height=\"683\" data-id=\"3031\" src=\"https:\/\/www.loekenfranke.de\/de\/wp-content\/uploads\/2023\/08\/5-Bildwelt-1024x683.jpg\" alt=\"\" class=\"wp-image-3031\" srcset=\"https:\/\/www.loekenfranke.de\/de\/wp-content\/uploads\/2023\/08\/5-Bildwelt-1024x683.jpg 1024w, https:\/\/www.loekenfranke.de\/de\/wp-content\/uploads\/2023\/08\/5-Bildwelt-300x200.jpg 300w, https:\/\/www.loekenfranke.de\/de\/wp-content\/uploads\/2023\/08\/5-Bildwelt-768x512.jpg 768w, https:\/\/www.loekenfranke.de\/de\/wp-content\/uploads\/2023\/08\/5-Bildwelt.jpg 1134w\" sizes=\"auto, (max-width: 1024px) 100vw, 1024px\" \/><\/figure>\n\n\n\n<figure class=\"wp-block-image size-large\"><img loading=\"lazy\" decoding=\"async\" width=\"1024\" height=\"682\" data-id=\"3033\" src=\"https:\/\/www.loekenfranke.de\/de\/wp-content\/uploads\/2023\/08\/6-Bildwelt-1024x682.jpg\" alt=\"\" class=\"wp-image-3033\" srcset=\"https:\/\/www.loekenfranke.de\/de\/wp-content\/uploads\/2023\/08\/6-Bildwelt-1024x682.jpg 1024w, https:\/\/www.loekenfranke.de\/de\/wp-content\/uploads\/2023\/08\/6-Bildwelt-300x200.jpg 300w, https:\/\/www.loekenfranke.de\/de\/wp-content\/uploads\/2023\/08\/6-Bildwelt-768x512.jpg 768w, https:\/\/www.loekenfranke.de\/de\/wp-content\/uploads\/2023\/08\/6-Bildwelt.jpg 1501w\" sizes=\"auto, (max-width: 1024px) 100vw, 1024px\" \/><\/figure>\n\n\n\n<figure class=\"wp-block-image size-large\"><img loading=\"lazy\" decoding=\"async\" width=\"1024\" height=\"683\" data-id=\"3034\" src=\"https:\/\/www.loekenfranke.de\/de\/wp-content\/uploads\/2023\/08\/7-Bildwelt-1024x683.jpg\" alt=\"\" class=\"wp-image-3034\" srcset=\"https:\/\/www.loekenfranke.de\/de\/wp-content\/uploads\/2023\/08\/7-Bildwelt-1024x683.jpg 1024w, https:\/\/www.loekenfranke.de\/de\/wp-content\/uploads\/2023\/08\/7-Bildwelt-300x200.jpg 300w, https:\/\/www.loekenfranke.de\/de\/wp-content\/uploads\/2023\/08\/7-Bildwelt-768x512.jpg 768w, https:\/\/www.loekenfranke.de\/de\/wp-content\/uploads\/2023\/08\/7-Bildwelt.jpg 1500w\" sizes=\"auto, (max-width: 1024px) 100vw, 1024px\" \/><\/figure>\n\n\n\n<figure class=\"wp-block-image size-large\"><img loading=\"lazy\" decoding=\"async\" width=\"1024\" height=\"682\" data-id=\"3035\" src=\"https:\/\/www.loekenfranke.de\/de\/wp-content\/uploads\/2023\/08\/8-Bildwelt-1024x682.jpg\" alt=\"\" class=\"wp-image-3035\" srcset=\"https:\/\/www.loekenfranke.de\/de\/wp-content\/uploads\/2023\/08\/8-Bildwelt-1024x682.jpg 1024w, https:\/\/www.loekenfranke.de\/de\/wp-content\/uploads\/2023\/08\/8-Bildwelt-300x200.jpg 300w, https:\/\/www.loekenfranke.de\/de\/wp-content\/uploads\/2023\/08\/8-Bildwelt-768x511.jpg 768w, https:\/\/www.loekenfranke.de\/de\/wp-content\/uploads\/2023\/08\/8-Bildwelt.jpg 1134w\" sizes=\"auto, (max-width: 1024px) 100vw, 1024px\" \/><\/figure>\n<\/figure>\n\n\n\n<div style=\"height:100px\" aria-hidden=\"true\" id=\"synopse\" class=\"wp-block-spacer\"><\/div>\n\n\n\n<hr class=\"wp-block-separator has-css-opacity\"\/>\n\n\n\n<p class=\"has-text-align-center\" style=\"font-size:22px\"><strong>TEXT<\/strong><\/p>\n\n\n\n<p>2023 nun baten wir das Dokumentarfilmduo loekenfranke, das wie kein anderes sein Auge gesch\u00e4rft hat f\u00fcr den Strukturwandel und seine Folgen, mit der ihm eigenen Bildsprache die gegenw\u00e4rtige Verfasstheit des \u201eReviers\u201c einzufangen. Entstanden sind Bilder von geradezu mythischer Kraft.<\/p>\n\n\n\n<p>Wie in weit entfernter Zeit, als Menschen Orientierung am Himmel suchten, Auguren aus der Formation des Vogelflugs den Willen der G\u00f6tter herauslasen, erkennen wir auf den Bildern kleine Menschentrauben unterschiedlicher Altersgruppen, bewaffnet mit Ferngl\u00e4sern und Spektiven, verloren in einer Naturlandschaft, den Blick gebannt in eine Richtung gewandt. Sie sind in Erwartung. Offenbar versuchen sie in der Ferne etwas zu erhaschen. Im Hintergrund ist die menschliche Ordnung noch sichtbar, aber sie ist nicht mehr bestimmend. Stattdessen richtet sich die Aufmerksamkeit auf etwas, mit dem eine Verbindung aufgenommen werden will, auf etwas, das sich der umstandslosen Verf\u00fcgbarkeit entzieht, auf etwas, das \u2013 trotz allem \u2013 geblieben ist. Oder zur\u00fcckgekehrt?<\/p>\n\n\n\n<p>Auff\u00e4llig ist das Licht, das die Jahres- oder Tageszeit vorgegeben hat, ein Licht, in dem keine Dauer liegt, das nicht l\u00e4nger w\u00e4hrt als jener fl\u00fcchtige Moment, der das Versprechen bereith\u00e4lt, dass die Kontaktaufnahme, der contact-call, zu diesem Unverf\u00fcgbaren gelingen k\u00f6nnte &#8211; ist es doch ein Moment, der dem werkt\u00e4tigen Zeitma\u00df enthoben ist. &nbsp;<\/p>\n\n\n\n<p>Schon seit vielen Jahren portr\u00e4tiert das Duo in seinen Filmen gesellschaftliche Transformations-prozesse, die Verwandlung der Landschaften, das sich \u00e4ndernde Verh\u00e4ltnis von Kultur und Natur, die Rolle des Menschen in all dem.<\/p>\n\n\n\n<p>Nicht zuf\u00e4llig f\u00e4llt diese popul\u00e4rer werdende Obsession der Vogelbeobachtung in unsere katastrophisch erfahrene Gegenwart. So erkl\u00e4rt die Literaturwissenschaftlerin Tanja van Hoorn: \u201eV\u00f6gel sind in auff\u00e4lliger Weise ein die Natur-Kulturgrenzen \u00fcberschreitender, selbstreflexiver Spiegel, eine epistemische Figur, die im Zeichen der Verunsicherung und kritischen \u00dcberpr\u00fcfung der eigenen F\u00e4higkeiten aufgerufen wird.\u201c<\/p>\n\n\n\n<p>Die Vogelbeobachtung erz\u00e4hlt von dem Wissen, dass das Ausbleiben oder Vorkommen anderer Spezies \u00fcber unser \u00dcberleben entscheiden wird \u2013 und auch dar\u00fcber, dass es andere Ordnungen gibt als die menschengemachten. Dass sie gleichzeitig zur Bildung und Ein\u00fcbung \u00e4sthetischer Wahrnehmung bef\u00e4higt, r\u00fcckt sie zu den K\u00fcnsten in z\u00e4rtliche N\u00e4he.<\/p>\n\n\n\n<p><em>Text: Ruhrtriennale \/ Judith Gerstenberg (Auszug)<\/em><\/p>\n\n\n\n<div style=\"height:100px\" aria-hidden=\"true\" id=\"credits\" class=\"wp-block-spacer\"><\/div>\n\n\n\n<hr class=\"wp-block-separator has-css-opacity\"\/>\n\n\n\n<p class=\"has-text-align-center\" style=\"font-size:22px\"><strong>CREDITS<\/strong><\/p>\n\n\n\n<div class=\"wp-block-columns is-layout-flex wp-container-core-columns-is-layout-3 wp-block-columns-is-layout-flex\">\n<div class=\"wp-block-column is-layout-flow wp-block-column-is-layout-flow\">\n<p class=\"has-black-color has-text-color\"><strong>Bildstrecke<\/strong> <strong>Ruhrtriennale 2023<\/strong><\/p>\n\n\n\n<p>FOTOGRAFIE<\/p>\n\n\n\n<p>2023<\/p>\n\n\n\n<p><\/p>\n\n\n\n<p>Plakatmotive (6)<br>BIildstrecke mit 33 Fotos (Festivalkatalog)<br><em>Im Rahmen <\/em>der <em>Ruhrtriennale<\/em> 2023<\/p>\n\n\n\n<p><br><br><\/p>\n\n\n\n<p><\/p>\n\n\n\n<p><\/p>\n<\/div>\n\n\n\n<div class=\"wp-block-column is-layout-flow wp-block-column-is-layout-flow\">\n<p><strong class=\"\"><strong>Konzept, Realisation und Fotos<\/strong>: <\/strong>Michael Loeken, Ulrike Franke<strong class=\"\"><br><strong><strong>Dramaturgie<\/strong><\/strong>: <\/strong>Judith Gerstenberg<strong class=\"\"><br><strong><strong>Colourgrading<\/strong><\/strong>: <\/strong>Thomas Haselau (Staudt Lithographie Bochum), Ole-Kristian Heyer<\/p>\n\n\n\n<p><strong>Dank an<\/strong>: Thomas Griesohn-Pflieger (Birdingtours), Tobias Rautenberg, Patrick Kretz, Uwe Frey, Max Huemer-Uffermann, Hermine Kittsteiner, Stefan M\u00fccke, Verena Niehuis, Bernd Oehler, Danial Hutter, Sophia Hutter, Theodor, Alvar, Anabel Putz, Antje Schlieper, Kirsten Schlimm, Thies Wiechert, Hannah Kurau, Renate Zinke, Bettina Grosse, J\u00fcrgen Mauritz, Mischa Leinkauf, Christa Marek, Sabine Hartmann, J\u00f6rg Adams, Leonard Putz<\/p>\n\n\n\n<p><\/p>\n\n\n\n<p>&nbsp;&nbsp;<\/p>\n<\/div>\n<\/div>\n\n\n\n<div style=\"height:25px\" aria-hidden=\"true\" class=\"wp-block-spacer\"><\/div>\n\n\n\n<hr class=\"wp-block-separator has-css-opacity\"\/>\n\n\n\n<p><\/p>\n\n\n\n<div style=\"height:70px\" aria-hidden=\"true\" class=\"wp-block-spacer\"><\/div>\n\n\n\n<p><\/p>\n\n\n\n<p><\/p>\n\n\n\n<p><\/p>\n\n\n\n<p><\/p>\n\n\n\n<p><\/p>\n","protected":false},"excerpt":{"rendered":"<p>Bildwelt Ruhrtiennale 2023 FOTOGRAFIE Plakatmotive (6)Bildstrecke mit 33 Fotos (Festivalkatalog)Im Rahmen der Ruhrtriennale 2023 Konzept, Realisation und Fotos: Michael Loeken, Ulrike Franke F\u00fcr die Ruhrtriennale 2023 hat das Filmkollektiv loekenfranke eine ganz eigene Bildwelt geschaffen und sich daf\u00fcr auf eine dokumentarische Reise mit Birdwatchern im Ruhrgebiet gemacht. Die Beobachtung der V\u00f6gel weckt Erinnerungen in den [&hellip;]<\/p>\n","protected":false},"author":1,"featured_media":3018,"comment_status":"open","ping_status":"open","sticky":false,"template":"","format":"standard","meta":{"ocean_post_layout":"","ocean_both_sidebars_style":"","ocean_both_sidebars_content_width":0,"ocean_both_sidebars_sidebars_width":0,"ocean_sidebar":"sidebar","ocean_second_sidebar":"0","ocean_disable_margins":"enable","ocean_add_body_class":"","ocean_shortcode_before_top_bar":"","ocean_shortcode_after_top_bar":"","ocean_shortcode_before_header":"","ocean_shortcode_after_header":"","ocean_has_shortcode":"","ocean_shortcode_after_title":"","ocean_shortcode_before_footer_widgets":"","ocean_shortcode_after_footer_widgets":"","ocean_shortcode_before_footer_bottom":"","ocean_shortcode_after_footer_bottom":"","ocean_display_top_bar":"default","ocean_display_header":"default","ocean_header_style":"","ocean_center_header_left_menu":"0","ocean_custom_header_template":"0","ocean_custom_logo":0,"ocean_custom_retina_logo":0,"ocean_custom_logo_max_width":0,"ocean_custom_logo_tablet_max_width":0,"ocean_custom_logo_mobile_max_width":0,"ocean_custom_logo_max_height":0,"ocean_custom_logo_tablet_max_height":0,"ocean_custom_logo_mobile_max_height":0,"ocean_header_custom_menu":"0","ocean_menu_typo_font_family":"0","ocean_menu_typo_font_subset":"","ocean_menu_typo_font_size":0,"ocean_menu_typo_font_size_tablet":0,"ocean_menu_typo_font_size_mobile":0,"ocean_menu_typo_font_size_unit":"px","ocean_menu_typo_font_weight":"","ocean_menu_typo_font_weight_tablet":"","ocean_menu_typo_font_weight_mobile":"","ocean_menu_typo_transform":"","ocean_menu_typo_transform_tablet":"","ocean_menu_typo_transform_mobile":"","ocean_menu_typo_line_height":0,"ocean_menu_typo_line_height_tablet":0,"ocean_menu_typo_line_height_mobile":0,"ocean_menu_typo_line_height_unit":"","ocean_menu_typo_spacing":0,"ocean_menu_typo_spacing_tablet":0,"ocean_menu_typo_spacing_mobile":0,"ocean_menu_typo_spacing_unit":"","ocean_menu_link_color":"","ocean_menu_link_color_hover":"","ocean_menu_link_color_active":"","ocean_menu_link_background":"","ocean_menu_link_hover_background":"","ocean_menu_link_active_background":"","ocean_menu_social_links_bg":"","ocean_menu_social_hover_links_bg":"","ocean_menu_social_links_color":"","ocean_menu_social_hover_links_color":"","ocean_disable_title":"default","ocean_disable_heading":"default","ocean_post_title":"","ocean_post_subheading":"","ocean_post_title_style":"","ocean_post_title_background_color":"","ocean_post_title_background":0,"ocean_post_title_bg_image_position":"","ocean_post_title_bg_image_attachment":"","ocean_post_title_bg_image_repeat":"","ocean_post_title_bg_image_size":"","ocean_post_title_height":0,"ocean_post_title_bg_overlay":0.5,"ocean_post_title_bg_overlay_color":"","ocean_disable_breadcrumbs":"default","ocean_breadcrumbs_color":"","ocean_breadcrumbs_separator_color":"","ocean_breadcrumbs_links_color":"","ocean_breadcrumbs_links_hover_color":"","ocean_display_footer_widgets":"default","ocean_display_footer_bottom":"default","ocean_custom_footer_template":"0","ocean_post_oembed":"","ocean_post_self_hosted_media":"","ocean_post_video_embed":"","ocean_link_format":"","ocean_link_format_target":"self","ocean_quote_format":"","ocean_quote_format_link":"post","ocean_gallery_link_images":"off","ocean_gallery_id":[],"footnotes":""},"categories":[4],"tags":[],"class_list":["post-2977","post","type-post","status-publish","format-standard","has-post-thumbnail","hentry","category-projekte","entry","has-media"],"pbg_featured_image_src":{"full":["https:\/\/www.loekenfranke.de\/de\/wp-content\/uploads\/2020\/12\/PROD-Projekte_v32-scaled.jpg",1810,2560,false],"thumbnail":["https:\/\/www.loekenfranke.de\/de\/wp-content\/uploads\/2020\/12\/PROD-Projekte_v32-150x150.jpg",150,150,true],"medium":["https:\/\/www.loekenfranke.de\/de\/wp-content\/uploads\/2020\/12\/PROD-Projekte_v32-212x300.jpg",212,300,true],"medium_large":["https:\/\/www.loekenfranke.de\/de\/wp-content\/uploads\/2020\/12\/PROD-Projekte_v32-768x1086.jpg",768,1086,true],"large":["https:\/\/www.loekenfranke.de\/de\/wp-content\/uploads\/2020\/12\/PROD-Projekte_v32-724x1024.jpg",724,1024,true],"1536x1536":["https:\/\/www.loekenfranke.de\/de\/wp-content\/uploads\/2020\/12\/PROD-Projekte_v32-1086x1536.jpg",1086,1536,true],"2048x2048":["https:\/\/www.loekenfranke.de\/de\/wp-content\/uploads\/2020\/12\/PROD-Projekte_v32-1448x2048.jpg",1448,2048,true],"ocean-thumb-m":["https:\/\/www.loekenfranke.de\/de\/wp-content\/uploads\/2020\/12\/PROD-Projekte_v32-600x600.jpg",600,600,true],"ocean-thumb-ml":["https:\/\/www.loekenfranke.de\/de\/wp-content\/uploads\/2020\/12\/PROD-Projekte_v32-800x450.jpg",800,450,true],"ocean-thumb-l":["https:\/\/www.loekenfranke.de\/de\/wp-content\/uploads\/2020\/12\/PROD-Projekte_v32-1200x700.jpg",1200,700,true]},"pbg_author_info":{"display_name":"marek2020","author_link":"https:\/\/www.loekenfranke.de\/?author=1","author_img":"<img alt='marek2020' src='https:\/\/secure.gravatar.com\/avatar\/ef1c3e56cd1df72661b9f2fa00e3a71f?s=128&#038;d=mm&#038;r=g' srcset='https:\/\/secure.gravatar.com\/avatar\/ef1c3e56cd1df72661b9f2fa00e3a71f?s=256&#038;d=mm&#038;r=g 2x' class='avatar avatar-128 photo' height='128' width='128' loading='lazy' decoding='async'\/>"},"pbg_comment_info":" No Comments","pbg_excerpt":"Bildwelt Ruhrtiennale 2023 FOTOGRAFIE Plakatmotive (6)Bildstrecke mit 33 Fotos (Festivalkatalog)Im Rahmen der Ruhrtriennale 2023 Konzept, Realisation und Fotos: Michael Loeken, Ulrike Franke F\u00fcr die Ruhrtriennale 2023 hat das Filmkollektiv loekenfranke eine ganz eigene Bildwelt geschaffen und sich daf\u00fcr auf eine dokumentarische Reise mit Birdwatchern im Ruhrgebiet gemacht. Die Beobachtung der V\u00f6gel weckt Erinnerungen in den&hellip;","_links":{"self":[{"href":"https:\/\/www.loekenfranke.de\/index.php?rest_route=\/wp\/v2\/posts\/2977","targetHints":{"allow":["GET"]}}],"collection":[{"href":"https:\/\/www.loekenfranke.de\/index.php?rest_route=\/wp\/v2\/posts"}],"about":[{"href":"https:\/\/www.loekenfranke.de\/index.php?rest_route=\/wp\/v2\/types\/post"}],"author":[{"embeddable":true,"href":"https:\/\/www.loekenfranke.de\/index.php?rest_route=\/wp\/v2\/users\/1"}],"replies":[{"embeddable":true,"href":"https:\/\/www.loekenfranke.de\/index.php?rest_route=%2Fwp%2Fv2%2Fcomments&post=2977"}],"version-history":[{"count":11,"href":"https:\/\/www.loekenfranke.de\/index.php?rest_route=\/wp\/v2\/posts\/2977\/revisions"}],"predecessor-version":[{"id":3079,"href":"https:\/\/www.loekenfranke.de\/index.php?rest_route=\/wp\/v2\/posts\/2977\/revisions\/3079"}],"wp:featuredmedia":[{"embeddable":true,"href":"https:\/\/www.loekenfranke.de\/index.php?rest_route=\/wp\/v2\/media\/3018"}],"wp:attachment":[{"href":"https:\/\/www.loekenfranke.de\/index.php?rest_route=%2Fwp%2Fv2%2Fmedia&parent=2977"}],"wp:term":[{"taxonomy":"category","embeddable":true,"href":"https:\/\/www.loekenfranke.de\/index.php?rest_route=%2Fwp%2Fv2%2Fcategories&post=2977"},{"taxonomy":"post_tag","embeddable":true,"href":"https:\/\/www.loekenfranke.de\/index.php?rest_route=%2Fwp%2Fv2%2Ftags&post=2977"}],"curies":[{"name":"wp","href":"https:\/\/api.w.org\/{rel}","templated":true}]}}