{"id":18,"date":"2021-11-19T13:01:03","date_gmt":"2021-11-19T12:01:03","guid":{"rendered":"http:\/\/www.loekenfranke.de\/de\/?p=18"},"modified":"2026-04-08T14:15:37","modified_gmt":"2026-04-08T12:15:37","slug":"goettliche-lage","status":"publish","type":"post","link":"https:\/\/www.loekenfranke.de\/?p=18","title":{"rendered":"G\u00f6ttliche Lage"},"content":{"rendered":"\n<p><a href=\"https:\/\/www.loekenfranke.de\/de\/wp-admin\/edit.php?post_type=post\"><\/a><\/p>\n\n\n\n<figure class=\"wp-block-image size-full\"><img loading=\"lazy\" decoding=\"async\" width=\"2560\" height=\"1280\" src=\"https:\/\/www.loekenfranke.de\/de\/wp-content\/uploads\/2021\/04\/LF_Profilbild_Film_GL4-scaled.jpg\" alt=\"\" class=\"wp-image-1682\" srcset=\"https:\/\/www.loekenfranke.de\/de\/wp-content\/uploads\/2021\/04\/LF_Profilbild_Film_GL4-scaled.jpg 2560w, https:\/\/www.loekenfranke.de\/de\/wp-content\/uploads\/2021\/04\/LF_Profilbild_Film_GL4-300x150.jpg 300w, https:\/\/www.loekenfranke.de\/de\/wp-content\/uploads\/2021\/04\/LF_Profilbild_Film_GL4-1024x512.jpg 1024w, https:\/\/www.loekenfranke.de\/de\/wp-content\/uploads\/2021\/04\/LF_Profilbild_Film_GL4-768x384.jpg 768w, https:\/\/www.loekenfranke.de\/de\/wp-content\/uploads\/2021\/04\/LF_Profilbild_Film_GL4-1536x768.jpg 1536w, https:\/\/www.loekenfranke.de\/de\/wp-content\/uploads\/2021\/04\/LF_Profilbild_Film_GL4-2048x1024.jpg 2048w\" sizes=\"auto, (max-width: 2560px) 100vw, 2560px\" \/><\/figure>\n\n\n\n<div style=\"height:40px\" aria-hidden=\"true\" class=\"wp-block-spacer\"><\/div>\n\n\n\n<div class=\"wp-block-columns is-layout-flex wp-container-core-columns-is-layout-1 wp-block-columns-is-layout-flex\">\n<div class=\"wp-block-column is-layout-flow wp-block-column-is-layout-flow\">\n<p class=\"has-black-color has-text-color\"><strong>G\u00f6ttliche Lage<\/strong><br>Eine Stadt erfindet sich neu<\/p>\n\n\n\n<p>DOKU | FILM | KINO<\/p>\n\n\n\n<p>Deutschland 2014 <br>99 Min (D)<\/p>\n\n\n\n<p><strong>Regie:<\/strong> &nbsp;Ulrike Franke, Michael Loeken<\/p>\n\n\n\n<p><strong>Verleih<\/strong>: realfiction<\/p>\n\n\n\n<div style=\"height:35px\" aria-hidden=\"true\" class=\"wp-block-spacer\"><\/div>\n\n\n\n<div class=\"wp-block-buttons is-layout-flex wp-block-buttons-is-layout-flex\">\n<div class=\"wp-block-button has-custom-font-size is-style-outline has-medium-font-size is-style-outline--1\"><a class=\"wp-block-button__link has-black-color has-white-background-color has-text-color has-background\" href=\"https:\/\/vimeo.com\/ondemand\/goettlichelage\" style=\"border-radius:40px\" target=\"_blank\" rel=\"noreferrer noopener\">STREAM<\/a><\/div>\n<\/div>\n\n\n\n<div style=\"height:35px\" aria-hidden=\"true\" class=\"wp-block-spacer\"><\/div>\n\n\n\n<p>F\u00fcr Bildungs-Einrichtungen:<\/p>\n\n\n\n<div class=\"wp-block-buttons is-layout-flex wp-block-buttons-is-layout-flex\">\n<div class=\"wp-block-button has-custom-font-size is-style-outline has-medium-font-size is-style-outline--2\"><a class=\"wp-block-button__link has-black-color has-white-background-color has-text-color has-background\" href=\"http:\/\/www.loekenfranke.de\/mov\/LF-GL-Unterrichtsmat-Wissenschaftsjahr2015.pdf\" style=\"border-radius:40px\" target=\"_blank\" rel=\"noreferrer noopener\">Unterrichtsmaterial <\/a><\/div>\n\n\n\n<div class=\"wp-block-button has-custom-font-size is-style-outline has-medium-font-size is-style-outline--3\"><a class=\"wp-block-button__link has-black-color has-white-background-color has-text-color has-background\" href=\"https:\/\/vimeo.com\/ondemand\/goettlichelagebildung\" style=\"border-radius:40px\" target=\"_blank\" rel=\"noreferrer noopener\">STREAM<\/a><\/div>\n<\/div>\n<\/div>\n\n\n\n<div class=\"wp-block-column is-layout-flow wp-block-column-is-layout-flow\">\n<p>Auf einem ehemaligen Stahlwerksgel\u00e4nde in Dortmund wird \u00fcber viele Jahre ein neuer Stadtteil gebaut. Den Mittelpunkt bildet ein k\u00fcnstlicher See, an dessen Ufern luxuri\u00f6se Wohnungen entstehen. Die Menschen, die um das ehemalige Stahlwerksgel\u00e4nde herum wohnen und dort arbeiteten, k\u00f6nnen sich das Wohnen am See nicht leisten. \u00dcber f\u00fcnf Jahre vergehen, bis das einstige Stahlwerk einem See gewichen ist. Planer und Anwohner, Vision\u00e4re und Zweifler werden zu Gewinnern und Verlierern dessen, was man gesellschaftlichen Fortschritt nennt. Ein Film \u00fcber den Wandel der Industrie- zur Freizeitgesellschaft.<\/p>\n<\/div>\n<\/div>\n\n\n\n<div style=\"height:25px\" aria-hidden=\"true\" id=\"trailer\" class=\"wp-block-spacer\"><\/div>\n\n\n\n<hr class=\"wp-block-separator has-css-opacity\"\/>\n\n\n\n<div style=\"height:70px\" aria-hidden=\"true\" class=\"wp-block-spacer\"><\/div>\n\n\n\n<p class=\"has-text-align-center\" style=\"font-size:22px\"><strong>TRAILER<\/strong><\/p>\n\n\n\n<div class=\"premium-video-box premium-video-box-9749b36e1381 video-overlay-false premium-aspect-ratio-169\" data-type=\"vimeo\" style=\"border-style:none;box-shadow:0px 0px 10px transparent  \"><div class=\"premium-video-box__container\"><div><div class=\"premium-video-box-inner-wrap\"><div class=\"premium-video-box-video-container\"><iframe src=\"https:\/\/player.vimeo.com\/video\/505194002?autoplay=false&amp;loop=0&amp;muted=false&amp;rel=&quot;0&quot;&amp;controls=1\" allow=\"encrypted-media\" allowfullscreen><\/iframe><\/div><\/div><\/div><\/div><div class=\"premium-video-box__desc\"><span class=\"premium-video-box__desc_text\" style=\"text-shadow:0px 0px 10px transparent\"><\/span><\/div><\/div>\n\n\n\n<div style=\"height:100px\" aria-hidden=\"true\" id=\"awards\" class=\"wp-block-spacer\"><\/div>\n\n\n\n<hr class=\"wp-block-separator has-css-opacity\"\/>\n\n\n\n<div style=\"height:70px\" aria-hidden=\"true\" class=\"wp-block-spacer\"><\/div>\n\n\n\n<p class=\"has-text-align-center\" style=\"font-size:22px\"><strong>AWARDS<\/strong><\/p>\n\n\n\n<div class=\"wp-block-columns is-layout-flex wp-container-core-columns-is-layout-2 wp-block-columns-is-layout-flex\">\n<div class=\"wp-block-column is-layout-flow wp-block-column-is-layout-flow\">\n<figure class=\"wp-block-image size-large is-resized\"><img loading=\"lazy\" decoding=\"async\" src=\"https:\/\/www.loekenfranke.de\/de\/wp-content\/uploads\/2021\/01\/aehren_gl_Ae_01.png\" alt=\"\" class=\"wp-image-1789\" width=\"204\" height=\"115\"\/><\/figure>\n<\/div>\n\n\n\n<div class=\"wp-block-column is-layout-flow wp-block-column-is-layout-flow\">\n<figure class=\"wp-block-image size-large is-resized\"><img loading=\"lazy\" decoding=\"async\" src=\"https:\/\/www.loekenfranke.de\/de\/wp-content\/uploads\/2021\/05\/aehren_gl_Ae02.png\" alt=\"\" class=\"wp-image-1790\" width=\"204\" height=\"109\"\/><\/figure>\n<\/div>\n\n\n\n<div class=\"wp-block-column is-layout-flow wp-block-column-is-layout-flow\">\n<figure class=\"wp-block-image size-large is-resized\"><img loading=\"lazy\" decoding=\"async\" src=\"https:\/\/www.loekenfranke.de\/de\/wp-content\/uploads\/2021\/05\/aehren_gl_Ae03.png\" alt=\"\" class=\"wp-image-1791\" width=\"204\" height=\"109\"\/><\/figure>\n<\/div>\n\n\n\n<div class=\"wp-block-column is-layout-flow wp-block-column-is-layout-flow\">\n<figure class=\"wp-block-image size-large is-resized\"><img loading=\"lazy\" decoding=\"async\" src=\"https:\/\/www.loekenfranke.de\/de\/wp-content\/uploads\/2021\/05\/aehren_gl_Ae04.png\" alt=\"\" class=\"wp-image-1792\" width=\"204\" height=\"109\"\/><\/figure>\n<\/div>\n<\/div>\n\n\n\n<div class=\"wp-block-columns is-layout-flex wp-container-core-columns-is-layout-3 wp-block-columns-is-layout-flex\">\n<div class=\"wp-block-column is-layout-flow wp-block-column-is-layout-flow\">\n<figure class=\"wp-block-image size-large is-resized\"><img loading=\"lazy\" decoding=\"async\" src=\"https:\/\/www.loekenfranke.de\/de\/wp-content\/uploads\/2021\/05\/aehren_gl_Ae05.png\" alt=\"\" class=\"wp-image-1795\" width=\"204\" height=\"109\"\/><\/figure>\n<\/div>\n\n\n\n<div class=\"wp-block-column is-layout-flow wp-block-column-is-layout-flow\">\n<figure class=\"wp-block-image size-large is-resized\"><img loading=\"lazy\" decoding=\"async\" src=\"https:\/\/www.loekenfranke.de\/de\/wp-content\/uploads\/2021\/05\/aehren_gl_Ae06-1.png\" alt=\"\" class=\"wp-image-1797\" width=\"204\" height=\"109\"\/><\/figure>\n<\/div>\n\n\n\n<div class=\"wp-block-column is-layout-flow wp-block-column-is-layout-flow\">\n<figure class=\"wp-block-image size-large is-resized\"><img loading=\"lazy\" decoding=\"async\" src=\"https:\/\/www.loekenfranke.de\/de\/wp-content\/uploads\/2021\/05\/aehren_gl_Ae07.png\" alt=\"\" class=\"wp-image-1798\" width=\"204\" height=\"109\"\/><\/figure>\n<\/div>\n\n\n\n<div class=\"wp-block-column is-layout-flow wp-block-column-is-layout-flow\">\n<figure class=\"wp-block-image size-large is-resized\"><img loading=\"lazy\" decoding=\"async\" src=\"https:\/\/www.loekenfranke.de\/de\/wp-content\/uploads\/2021\/05\/aehren_gl_Ae08.png\" alt=\"\" class=\"wp-image-1799\" width=\"204\" height=\"109\"\/><\/figure>\n<\/div>\n<\/div>\n\n\n\n<div style=\"height:25px\" aria-hidden=\"true\" class=\"wp-block-spacer\"><\/div>\n\n\n\n<hr class=\"wp-block-separator has-css-opacity\"\/>\n\n\n\n<div style=\"height:35px\" aria-hidden=\"true\" class=\"wp-block-spacer\"><\/div>\n\n\n\n<p class=\"has-text-align-center\" style=\"font-size:22px\"><strong>FESTIVALS<\/strong><\/p>\n\n\n\n<div class=\"wp-block-columns is-layout-flex wp-container-core-columns-is-layout-4 wp-block-columns-is-layout-flex\">\n<div class=\"wp-block-column is-layout-flow wp-block-column-is-layout-flow\">\n<p class=\"has-text-align-left\">2019 \u2014 <strong>Werkleitz Festivale<\/strong> <strong>Dessau<\/strong> \/ Modell und Ruine<\/p>\n\n\n\n<p class=\"has-text-align-left\">2017 \u2014 <strong>archicin\u00e9: Saarart11<\/strong> \/ <strong>Architekturfilmtage<\/strong>, Saarbr\u00fccken<\/p>\n\n\n\n<p class=\"has-text-align-left\">2016 \u2014 <strong>World Film Festival<\/strong> \/ Tartu, Estland<\/p>\n\n\n\n<p class=\"has-text-align-left\">2015 \u2014 <strong>34. Festival<\/strong> <strong>International Jean Rouch<\/strong>, Paris<\/p>\n\n\n\n<p class=\"has-text-align-left\">2015 \u2014 <strong>AFFR \/ Architecture Film Festival<\/strong>, Rotterdam<\/p>\n\n\n\n<p class=\"has-text-align-left\">2015 \u2014 <strong>27. Der Neue Heimatfilm<\/strong> \/ Freistadt, \u00d6sterreich<\/p>\n\n\n\n<p class=\"has-text-align-left\">2015 \u2014 <strong>Saratov Sufferings Intl. Film Festival<\/strong> \/ Saratow, Russland<\/p>\n\n\n\n<p class=\"has-text-align-left\">2015 \u2014 <strong>MAFF \/ 13. Matsalu Loodusfilmide Festival<\/strong> \/ Lihula, Estland<\/p>\n\n\n\n<p class=\"has-text-align-left\">2015 \u2014 <strong>Ruhrtriennale<\/strong><\/p>\n\n\n\n<p class=\"has-text-align-left\">2015 \u2014 <strong>Architektur. Film. Sommer<\/strong>, Wien<\/p>\n\n\n\n<p class=\"has-text-align-left\">2015 \u2014 <strong>NaturVision Filmfestival<\/strong>, Ludwigsburg<br><\/p>\n<\/div>\n\n\n\n<div class=\"wp-block-column is-layout-flow wp-block-column-is-layout-flow\">\n<p>2015 \u2014 <strong>Feuer und Stahl \u2013 Kino und Kunst im Kohlekahn<\/strong>, K\u00f6ln\/Saarbr\u00fccken\/Dortmund<\/p>\n\n\n\n<p>2015 \u2014 <strong>stattutopie<\/strong>, Basel<\/p>\n\n\n\n<p>2015 \u2014 <strong>6. Kirchliches Filmfestival<\/strong>, Recklinghausen<\/p>\n\n\n\n<p>2015 \u2014 <strong><strong>8. Nonfiktionale<\/strong><\/strong> \/ Festival des dokumetarischen Films, Bad Aibling<\/p>\n\n\n\n<p>2015 \u2014 <strong><strong>Berlinale<\/strong><\/strong> \/ Lola \/ Berlin<\/p>\n\n\n\n<p>2015 \u2014 <strong><strong>DocPoint<\/strong><\/strong> \/ 14. Helsinki Documentary Film Festival, Helsinki<\/p>\n\n\n\n<p>2014 \u2014 <strong><strong>Kasseler Dokfest<\/strong><\/strong> \/ 31. Kasseler Dokumentarfilm- und Videofest<\/p>\n\n\n\n<p>2014 \u2014 <strong><strong>38. Duisburger Filmwoche \/ <em>Er\u00f6ffnungsfilm<\/em><\/strong><\/strong> \/ Duisburg<\/p>\n\n\n\n<p>2014 \u2014 <strong><strong>DOK.fest<\/strong><\/strong> \/ 29. Internationales Dokumentarfilmfestival M\u00fcnchen<\/p>\n\n\n\n<p>2014 \u2014 <strong>Rooftop Films<\/strong>, New York<\/p>\n\n\n\n<p>2014 \u2014 <strong>25. Kinofest L\u00fcnen<\/strong><\/p>\n\n\n\n<p>2023&nbsp; \u2014 <strong>Ruhrtriennale <\/strong>\/ Filmretrospektive loekenfranke \/ Bochum<\/p>\n<\/div>\n<\/div>\n\n\n\n<div style=\"height:25px\" aria-hidden=\"true\" class=\"wp-block-spacer\"><\/div>\n\n\n\n<hr class=\"wp-block-separator has-css-opacity\"\/>\n\n\n\n<div style=\"height:35px\" aria-hidden=\"true\" class=\"wp-block-spacer\"><\/div>\n\n\n\n<p class=\"has-text-align-center\" style=\"font-size:22px\"><strong>SYMPOSIEN \/ VORTR\u00c4GE<\/strong><\/p>\n\n\n\n<p class=\"has-text-align-center\">im Rahmen von<\/p>\n\n\n\n<div class=\"wp-block-columns is-layout-flex wp-container-core-columns-is-layout-5 wp-block-columns-is-layout-flex\">\n<div class=\"wp-block-column is-layout-flow wp-block-column-is-layout-flow\">\n<p class=\"has-text-align-left\">2020 \u2014 <strong>MetroLab Movie Night<\/strong>, Wien<\/p>\n\n\n\n<p class=\"has-text-align-left\">2020 \u2014 Reihe \/ <strong>Futur III<\/strong> \/ Theater Dortmund<\/p>\n\n\n\n<p class=\"has-text-align-left\">2019 \u2014 <strong>IBA Film&nbsp;Screenings<\/strong>, Wien<\/p>\n\n\n\n<p class=\"has-text-align-left\">2019 \u2014 Architekturfilm-Reihe \/ <strong>Architektur und Gl\u00fcck<\/strong>, Haus der&nbsp;Architektur, K\u00f6ln<\/p>\n\n\n\n<p class=\"has-text-align-left\">2019 \u2014 Filmreihe \/ <strong>\u00dcberleben in Zeiten des&nbsp;Kapitalismus<\/strong> \/ Niehlerfreiheit e.V., K\u00f6ln<\/p>\n\n\n\n<p class=\"has-text-align-left\">2019 \u2014 Filmreihe \/ <strong>Kunst- und Architekturfilmen der&nbsp;Vereinigung Kunstschaffende Unterfrankens (VKU)<\/strong>, W\u00fcrzburg<\/p>\n\n\n\n<p class=\"has-text-align-left\">2016 \u2014 Symposium \/ <strong>Water Power<\/strong> \/ Universit\u00e4t&nbsp;Tampere, Finnland<\/p>\n\n\n\n<p class=\"has-text-align-left\">2015 \u2014 Symposium \/ <strong>DOKU.ARTS \/   Dokumentarische&nbsp;Langzeitbeobachtungen<\/strong>, Berlin<\/p>\n\n\n\n<p class=\"has-text-align-left\">2015 \u2014 <strong>Schulkinowochen&nbsp;<\/strong>in NRW &amp; Niedersachsen<\/p>\n\n\n\n<p class=\"has-text-align-left\">2015 \u2014 <strong>Zeitraffer Ph\u00f6nixsee<\/strong><\/p>\n\n\n\n<p class=\"has-text-align-left\">2015 \u2014 Ausstellung \/ <strong>100 Jahre&nbsp;Westfalen<\/strong> \/ Museum f\u00fcr Kunst und Kultur Dortmund<\/p>\n\n\n\n<p class=\"has-text-align-left\">2015 \u2014 Filmreihe \/ <strong>Forging&nbsp;the Future<\/strong> \/ Goethe Institut Washington, USA<\/p>\n\n\n\n<p class=\"has-text-align-left\">2015 \u2014 <strong>Offene FH Dortmund<\/strong><\/p>\n\n\n\n<p class=\"has-text-align-left\">2014 \u2014 Reihe Allerweltskino \/ Sonderreihe \/ <strong>Zukunft der Stadt<\/strong>, K\u00f6ln<\/p>\n\n\n\n<p class=\"has-text-align-left\">2014 \u2014 <strong>NRW Kinotag<\/strong><\/p>\n\n\n\n<p class=\"has-text-align-left\">2014 \u2014 <strong>Filmoteca de Catalunya Barcelona<\/strong><\/p>\n<\/div>\n<\/div>\n\n\n\n<div style=\"height:100px\" aria-hidden=\"true\" id=\"press\" class=\"wp-block-spacer\"><\/div>\n\n\n\n<hr class=\"wp-block-separator has-css-opacity\"\/>\n\n\n\n<div style=\"height:70px\" aria-hidden=\"true\" class=\"wp-block-spacer\"><\/div>\n\n\n\n<p class=\"has-text-align-center\" style=\"font-size:22px\"><strong>PRESSESTIMMEN<\/strong><\/p>\n\n\n\n<div class=\"wp-block-columns is-layout-flex wp-container-core-columns-is-layout-7 wp-block-columns-is-layout-flex\">\n<div class=\"wp-block-column is-layout-flow wp-block-column-is-layout-flow\">\n<div class=\"wp-block-columns is-layout-flex wp-container-core-columns-is-layout-6 wp-block-columns-is-layout-flex\">\n<div class=\"wp-block-column is-layout-flow wp-block-column-is-layout-flow\">\n<p>\u201eDer Film diagnostiziert nicht \u2013 er beobachtet, dringt tief in die unterschiedlichsten Milieus und Szenen vor und \u00fcberl\u00e4sst die Schlussfolgerungen dem Zuschauer. Unfassbar, will der immer wieder rufen. Keine Polemik, keine Spielszene k\u00f6nnte diese Geschichte so schr\u00e4g, so komisch, so eindrucksvoll erz\u00e4hlen, wie es die Wirklichkeit selbst tut. Man muss sie nur gut beobachten.\u201c<em><br>Harald J\u00e4hner \/\/ Frankfurter Rundschau<\/em> \/\/ <em>23.08.2014<\/em><\/p>\n\n\n\n<div id=\"premium-accordion-2a3a1f79-f379-4ce6-a45b-f139f9e56e6d\" class=\"wp-block-premium-accordion premium-accordion\"><div id=\"premium-accordion__layer0\" class=\"premium-accordion__content_wrap\"><div class=\"premium-accordion__title_wrap premium-accordion__ltr premium-accordion__in\" style=\"background-color:#ffffff;border:none;border-width:1px;border-radius:0px\"><div class=\"premium-accordion__title\"><h4 class=\"premium-accordion__title_text\" style=\"color:#7c7c7c;font-size:undefinedpx;letter-spacing:undefinedpx;text-transform:none;font-weight:400;text-shadow:0px 0px 0px undefined;line-height:undefinedpx\"><\/h4><\/div><div class=\"premium-accordion__icon_wrap\"><svg class=\"premium-accordion__icon premium-accordion__closed\" role=\"img\" focusable=\"false\" xmlns=\"http:\/\/www.w3.org\/2000\/svg\" width=\"20\" height=\"20\" viewbox=\"0 0 20 20\" style=\"padding:undefinedpx;border-radius:undefinedpx\"><polygon points=\"16.7,3.3 10,10 3.3,3.4 0,6.7 10,16.7 10,16.6 20,6.7 \"><\/polygon><\/svg><\/div><\/div><div class=\"premium-accordion__desc_wrap premium-accordion__desc_close\" style=\"text-align:left;border:none;border-width:1px;border-radius:0px;padding-left:0\"><p class=\"premium-accordion__desc\" style=\"font-size:undefinedpx;letter-spacing:undefinedpx;text-transform:none;text-shadow:0px 0px 0px undefined;font-weight:400;line-height:undefinedpx\">\u201eFranke und Loeken werten und gewichten nicht. Jede Geschichte und jede Begegnung ist erst einmal eine weitere Facette, ein kleines Puzzleteil, das wie selbstverst\u00e4ndlich seinen Platz im Ganzen findet. (\u2026) Ulrike Frankes und Michael Loekens Dokumentation erz\u00e4hlt auf unspektakul\u00e4re und doch h\u00f6chst eindringliche Weise vom Strukturwandel im Ruhrgebiet. Modebegriffe wie \u201eGentrifizierung\u201c und Formeln wie die \u201evom Ende der Arbeit\u201c bekommen angesichts der Bilder und Geschichten vom See aus der Retorte eine konkrete Dimension und damit auch eine andere Bedeutung.\u201c<br><em>www.filmkritik.de \/\/ Sascha Westphal<\/em><br><br>\u201eSehr nah kommt der Film den handelnden, den einfach nur dort lebenden Menschen, dass der Eindruck entsteht: Sie haben die Kamera vergessen \u00fcber die Jahre. Loeken und Franke aber haben genau hingesehen, sie h\u00f6ren zu, lassen Dortmund reden. Was sie zeigen, ist mehr als der Bau eines Stadtsees im Zeitraffer: Sie setzen Begriffe wie \u201eDeindustrialisierung\u201c und \u201eGentrifizierung\u201c ins Bild, machen bewusst, was beides mit Menschen macht.\u201c<br><em>Annika Fischer<\/em> \/\/ <em>WAZ \/\/ 17.08.2014<\/em><br><br>\u201eG\u00f6ttliche Lage erz\u00e4hlt seine Geschichte v\u00f6llig unaufgeregt und mit einer wohltuenden Ruhe, ohne zu urteilen und ohne Schwarz-Wei\u00df-Malerei. Eine Kritik am System der Planung ist immer sp\u00fcrbar, wird aber nie plakativ zum Ausdruck gebracht.\u201c<br><em>Jurybegr\u00fcndung FBW-Pr\u00e4dikat \u201ebesonders wertvoll\u201c<\/em><br><br>\u201cKaum je ist das Schlagwort von der Gentrifizierung so hautnah begreiflich geworden wie in diesen chronologischen Streiflichtern auf migrantische Einheimische und Malocher auf der einen und Vermarkter und solvente Zugezogene auf der anderen Seite. Der Film, der ohne OFF\u2010Kommentar auskommt, ergreift nie Partei, verdichtet aber mit intelligenter Montage die Kluft zwischen den Heile\u2010Welt\u2010Tr\u00e4umen der Neub\u00fcrger und der Realit\u00e4t.\u201d<br><em>Birgit Roschy \/\/ Publik Forum \/\/ 29.08.2014<\/em><\/p><\/div><\/div><\/div>\n<\/div>\n\n\n\n<div class=\"wp-block-column is-layout-flow wp-block-column-is-layout-flow\">\n<p>\u201eG\u00f6ttliche Lage\u201c besichtigt, h\u00f6chst anschaulich, die postindustriellen Lebenswelten des Ruhrgebiets, wobei die Dinge unkommentiert f\u00fcr sich sprechen. Zu sehen und zu h\u00f6ren gibt es genug, denn Franke und Loeken durften das Bauprojekt in allen Phasen und auch bei internen Besprechungen begleiten. Diese ungew\u00f6hnlich offenen Einblicke in den Kosmos der Bauleute machen \u201eG\u00f6ttliche Lage\u201c auch zu einem \u2013 oft komischen \u2013 Lehrst\u00fcck dar\u00fcber, wie marketingorientiertes Denken l\u00e4ngst auch \u00f6ffentliche Gro\u00dfprojekte bestimmt.&#8220;<br>Silvia Hallensleben\/\/tagesspiegel.de\/\/21.08.2014<\/p>\n\n\n\n<div id=\"premium-accordion-8d278b97-aa58-402f-97bc-800170d9585d\" class=\"wp-block-premium-accordion premium-accordion\"><div id=\"premium-accordion__layer0\" class=\"premium-accordion__content_wrap\"><div class=\"premium-accordion__title_wrap premium-accordion__ltr premium-accordion__in\" style=\"background-color:#ffffff;border:none;border-width:1px;border-radius:0px\"><div class=\"premium-accordion__title\"><h4 class=\"premium-accordion__title_text\" style=\"font-size:undefinedpx;letter-spacing:undefinedpx;text-transform:none;font-weight:400;text-shadow:0px 0px 0px undefined;line-height:undefinedpx\"><\/h4><\/div><div class=\"premium-accordion__icon_wrap\"><svg class=\"premium-accordion__icon premium-accordion__closed\" role=\"img\" focusable=\"false\" xmlns=\"http:\/\/www.w3.org\/2000\/svg\" width=\"20\" height=\"20\" viewbox=\"0 0 20 20\" style=\"padding:undefinedpx;border-radius:undefinedpx\"><polygon points=\"16.7,3.3 10,10 3.3,3.4 0,6.7 10,16.7 10,16.6 20,6.7 \"><\/polygon><\/svg><\/div><\/div><div class=\"premium-accordion__desc_wrap premium-accordion__desc_close\" style=\"text-align:left;border:none;border-width:1px;border-radius:0px;padding-left:0\"><p class=\"premium-accordion__desc\" style=\"font-size:undefinedpx;letter-spacing:undefinedpx;text-transform:none;text-shadow:0px 0px 0px undefined;font-weight:400;line-height:undefinedpx\">\u201eDie Dokumentarfilmer Ulrike Franke und Michael Loeken sp\u00fcren in &#8222;G\u00f6ttliche Lage \u2013 eine Stadt erfindet sich neu&#8220; mit sensibler Bildf\u00fchrung und in einf\u00fchlsamen Interviews auf, wie viel Konfliktpotential dieser st\u00e4dtebauliche Umbruch letztendlich hinterlassen hat &#8211; trotz aller Euphorie \u00fcber den neuen Phoenixsee. (\u2026) Regisseurin Ulrike Franke l\u00e4sst vor der Kamera alle Seiten zu Wort kommen, montiert das Gesehen und Geh\u00f6rte wie ein Sittengem\u00e4lde: Verzweiflung, Zweifel, Bitterkeit, aber auch Aufbruchsstimmung und Stolz schwingen in den sehr pers\u00f6nlichen Statements mit. Man meint, die Befragten h\u00e4tten die Kamera von Michael Loeken v\u00f6llig vergessen.&#8220;<br><em>Deutsche Welle \/\/ 21.08.2014<\/em><br><br>\u201eDem Film gelingt es gesellschaftlich relevante und komplexe Prozesse auf unterhaltsame Weise begreifbar zu machen. Themen wie der radikale Strukturwandel dem nicht nur das Ruhrgebiet unterliegt, der Prozess der Gentrifizierung und die Frage nach dem Gemeinwohl des \u00f6ffentlichen Raumes werden f\u00fcr den Zuschauer durch pr\u00e4zise Beobachtungen physisch erfahrbar gemacht. Mit Augenzwinkern bekommen wir \u00fcberraschende Einblicke in die verschiedensten sozialen Gruppierungen, die in diesem Prozess involviert sind. Dabei bleibt die kritische Haltung der beiden Filmemacher Ulrike Franke und Michael Loeken steht \u0301s klar erkennbar. Langwierige Ver\u00e4nderungen und unterschiedlichste Befindlichkeiten aus beinahe f\u00fcnf Jahren vom Ort des Geschehens \u2013 dem Schauplatz Ph\u00f6nix See \u2013 werden hier zu einer spannenden, charmanten und vielschichtigen filmischen Erz\u00e4hlung montiert, die eine pr\u00e4zise Handschrift tr\u00e4gt.\u201c<br><em>Jurybegr\u00fcndung Nonfiktionale 2015 \/\/ Hauptpreis<\/em><br><br>&#8222;G\u00f6ttliche Lage ist ein gro\u00dfartiges Lehrst\u00fcck, mit wunderbarem Gesp\u00fcr f\u00fcr die sozialen Umbr\u00fcche, mit klarem Auge f\u00fcr das, was vor sich geht. Und mit Humor, was bei Dokumentarfilmen eine eher seltene Zuschreibung ist. Der Film l\u00e4sst uns in jeder Hinsicht \u2013 intellektuell wie visuell \u2013 begreifen, was Strukturwandel bedeutet.&#8220;<br>\u201eG\u00f6ttliche Lage\u201c l\u00e4sst sich auch als eine Beschreibung des Lebens als angewandter Surrealismus lesen, als Kom\u00f6die mit grotesken und absurden Momenten. Die anarchistischen Kanadag\u00e4nse, die in den Planungen nicht vorgesehen waren, aber vorzeitig das Ufer besiedeln und den Planern in ihren glasklar-sauberen See schei\u00dfen. Die Wildbader und Wildgriller, gegen die offenbar auch mit einem Massenaufgebot an Verbotsschildern nicht anzukommen ist. Und dann haben Stadt und Entwicklungsgesellschaft zur Er\u00f6ffnung auch noch Larry Hagman eingeladen, den Boss aus \u201eDallas\u201c, der offensichtlich schon nicht mehr wei\u00df, was er hier eigentlich soll: Vergangenheit soll in die Zukunft f\u00fchren. Man sieht das alles und denkt: Einfach irre.\u201c<br><em>Jurybegr\u00fcndung Grimme-Preis 20<\/em><\/p><\/div><\/div><\/div>\n<\/div>\n<\/div>\n<\/div>\n<\/div>\n\n\n\n<div style=\"height:100px\" aria-hidden=\"true\" id=\"stills\" class=\"wp-block-spacer\"><\/div>\n\n\n\n<hr class=\"wp-block-separator has-css-opacity\"\/>\n\n\n\n<div style=\"height:70px\" aria-hidden=\"true\" class=\"wp-block-spacer\"><\/div>\n\n\n\n<p class=\"has-text-align-center\" style=\"font-size:22px\"><strong>STILLS<\/strong><\/p>\n\n\n\n<figure class=\"wp-block-gallery has-nested-images columns-2 is-cropped wp-block-gallery-4 is-layout-flex wp-block-gallery-is-layout-flex\">\n<figure class=\"wp-block-image size-large\"><img loading=\"lazy\" decoding=\"async\" width=\"1024\" height=\"576\" data-id=\"1348\" src=\"http:\/\/www.loekenfranke.de\/de\/wp-content\/uploads\/2021\/03\/1-Still-GL-1-1024x576.jpg\" alt=\"\" class=\"wp-image-1348\" srcset=\"https:\/\/www.loekenfranke.de\/de\/wp-content\/uploads\/2021\/03\/1-Still-GL-1-1024x576.jpg 1024w, https:\/\/www.loekenfranke.de\/de\/wp-content\/uploads\/2021\/03\/1-Still-GL-1-300x169.jpg 300w, https:\/\/www.loekenfranke.de\/de\/wp-content\/uploads\/2021\/03\/1-Still-GL-1-768x432.jpg 768w, https:\/\/www.loekenfranke.de\/de\/wp-content\/uploads\/2021\/03\/1-Still-GL-1-1536x864.jpg 1536w, https:\/\/www.loekenfranke.de\/de\/wp-content\/uploads\/2021\/03\/1-Still-GL-1.jpg 1920w\" sizes=\"auto, (max-width: 1024px) 100vw, 1024px\" \/><\/figure>\n\n\n\n<figure class=\"wp-block-image size-large\"><img loading=\"lazy\" decoding=\"async\" width=\"1024\" height=\"576\" data-id=\"1349\" src=\"http:\/\/www.loekenfranke.de\/de\/wp-content\/uploads\/2021\/03\/2-Still-GL-1-1024x576.jpg\" alt=\"\" class=\"wp-image-1349\" srcset=\"https:\/\/www.loekenfranke.de\/de\/wp-content\/uploads\/2021\/03\/2-Still-GL-1-1024x576.jpg 1024w, https:\/\/www.loekenfranke.de\/de\/wp-content\/uploads\/2021\/03\/2-Still-GL-1-300x169.jpg 300w, https:\/\/www.loekenfranke.de\/de\/wp-content\/uploads\/2021\/03\/2-Still-GL-1-768x432.jpg 768w, https:\/\/www.loekenfranke.de\/de\/wp-content\/uploads\/2021\/03\/2-Still-GL-1-1536x864.jpg 1536w, https:\/\/www.loekenfranke.de\/de\/wp-content\/uploads\/2021\/03\/2-Still-GL-1.jpg 1920w\" sizes=\"auto, (max-width: 1024px) 100vw, 1024px\" \/><\/figure>\n\n\n\n<figure class=\"wp-block-image size-large\"><img loading=\"lazy\" decoding=\"async\" width=\"1024\" height=\"576\" data-id=\"1350\" src=\"http:\/\/www.loekenfranke.de\/de\/wp-content\/uploads\/2021\/03\/3-Still-GL-1-1024x576.jpg\" alt=\"\" class=\"wp-image-1350\" srcset=\"https:\/\/www.loekenfranke.de\/de\/wp-content\/uploads\/2021\/03\/3-Still-GL-1-1024x576.jpg 1024w, https:\/\/www.loekenfranke.de\/de\/wp-content\/uploads\/2021\/03\/3-Still-GL-1-300x169.jpg 300w, https:\/\/www.loekenfranke.de\/de\/wp-content\/uploads\/2021\/03\/3-Still-GL-1-768x432.jpg 768w, https:\/\/www.loekenfranke.de\/de\/wp-content\/uploads\/2021\/03\/3-Still-GL-1-1536x864.jpg 1536w, https:\/\/www.loekenfranke.de\/de\/wp-content\/uploads\/2021\/03\/3-Still-GL-1.jpg 1920w\" sizes=\"auto, (max-width: 1024px) 100vw, 1024px\" \/><\/figure>\n\n\n\n<figure class=\"wp-block-image size-large\"><img loading=\"lazy\" decoding=\"async\" width=\"1024\" height=\"576\" data-id=\"1351\" src=\"http:\/\/www.loekenfranke.de\/de\/wp-content\/uploads\/2021\/03\/4-Still-GL-1-1024x576.jpg\" alt=\"\" class=\"wp-image-1351\" srcset=\"https:\/\/www.loekenfranke.de\/de\/wp-content\/uploads\/2021\/03\/4-Still-GL-1-1024x576.jpg 1024w, https:\/\/www.loekenfranke.de\/de\/wp-content\/uploads\/2021\/03\/4-Still-GL-1-300x169.jpg 300w, https:\/\/www.loekenfranke.de\/de\/wp-content\/uploads\/2021\/03\/4-Still-GL-1-768x432.jpg 768w, https:\/\/www.loekenfranke.de\/de\/wp-content\/uploads\/2021\/03\/4-Still-GL-1-1536x864.jpg 1536w, https:\/\/www.loekenfranke.de\/de\/wp-content\/uploads\/2021\/03\/4-Still-GL-1.jpg 1920w\" sizes=\"auto, (max-width: 1024px) 100vw, 1024px\" \/><\/figure>\n\n\n\n<figure class=\"wp-block-image size-large\"><img loading=\"lazy\" decoding=\"async\" width=\"1024\" height=\"576\" data-id=\"1352\" src=\"http:\/\/www.loekenfranke.de\/de\/wp-content\/uploads\/2021\/03\/5-Still-GL-1-1024x576.jpg\" alt=\"\" class=\"wp-image-1352\" srcset=\"https:\/\/www.loekenfranke.de\/de\/wp-content\/uploads\/2021\/03\/5-Still-GL-1-1024x576.jpg 1024w, https:\/\/www.loekenfranke.de\/de\/wp-content\/uploads\/2021\/03\/5-Still-GL-1-300x169.jpg 300w, https:\/\/www.loekenfranke.de\/de\/wp-content\/uploads\/2021\/03\/5-Still-GL-1-768x432.jpg 768w, https:\/\/www.loekenfranke.de\/de\/wp-content\/uploads\/2021\/03\/5-Still-GL-1-1536x864.jpg 1536w, https:\/\/www.loekenfranke.de\/de\/wp-content\/uploads\/2021\/03\/5-Still-GL-1.jpg 1920w\" sizes=\"auto, (max-width: 1024px) 100vw, 1024px\" \/><\/figure>\n\n\n\n<figure class=\"wp-block-image size-large\"><img loading=\"lazy\" decoding=\"async\" width=\"1024\" height=\"576\" data-id=\"1353\" src=\"http:\/\/www.loekenfranke.de\/de\/wp-content\/uploads\/2021\/03\/6-Still-GL-1-1024x576.jpg\" alt=\"\" class=\"wp-image-1353\" srcset=\"https:\/\/www.loekenfranke.de\/de\/wp-content\/uploads\/2021\/03\/6-Still-GL-1-1024x576.jpg 1024w, https:\/\/www.loekenfranke.de\/de\/wp-content\/uploads\/2021\/03\/6-Still-GL-1-300x169.jpg 300w, https:\/\/www.loekenfranke.de\/de\/wp-content\/uploads\/2021\/03\/6-Still-GL-1-768x432.jpg 768w, https:\/\/www.loekenfranke.de\/de\/wp-content\/uploads\/2021\/03\/6-Still-GL-1-1536x864.jpg 1536w, https:\/\/www.loekenfranke.de\/de\/wp-content\/uploads\/2021\/03\/6-Still-GL-1.jpg 1920w\" sizes=\"auto, (max-width: 1024px) 100vw, 1024px\" \/><\/figure>\n\n\n\n<figure class=\"wp-block-image size-large\"><img loading=\"lazy\" decoding=\"async\" width=\"1024\" height=\"576\" data-id=\"1354\" src=\"http:\/\/www.loekenfranke.de\/de\/wp-content\/uploads\/2021\/03\/7-Still-GL-1-1024x576.jpg\" alt=\"\" class=\"wp-image-1354\" srcset=\"https:\/\/www.loekenfranke.de\/de\/wp-content\/uploads\/2021\/03\/7-Still-GL-1-1024x576.jpg 1024w, https:\/\/www.loekenfranke.de\/de\/wp-content\/uploads\/2021\/03\/7-Still-GL-1-300x169.jpg 300w, https:\/\/www.loekenfranke.de\/de\/wp-content\/uploads\/2021\/03\/7-Still-GL-1-768x432.jpg 768w, https:\/\/www.loekenfranke.de\/de\/wp-content\/uploads\/2021\/03\/7-Still-GL-1-1536x864.jpg 1536w, https:\/\/www.loekenfranke.de\/de\/wp-content\/uploads\/2021\/03\/7-Still-GL-1.jpg 1920w\" sizes=\"auto, (max-width: 1024px) 100vw, 1024px\" \/><\/figure>\n\n\n\n<figure class=\"wp-block-image size-large\"><img loading=\"lazy\" decoding=\"async\" width=\"1024\" height=\"576\" data-id=\"1355\" src=\"http:\/\/www.loekenfranke.de\/de\/wp-content\/uploads\/2021\/03\/8-Still-GL-1-1024x576.jpg\" alt=\"\" class=\"wp-image-1355\" srcset=\"https:\/\/www.loekenfranke.de\/de\/wp-content\/uploads\/2021\/03\/8-Still-GL-1-1024x576.jpg 1024w, https:\/\/www.loekenfranke.de\/de\/wp-content\/uploads\/2021\/03\/8-Still-GL-1-300x169.jpg 300w, https:\/\/www.loekenfranke.de\/de\/wp-content\/uploads\/2021\/03\/8-Still-GL-1-768x432.jpg 768w, https:\/\/www.loekenfranke.de\/de\/wp-content\/uploads\/2021\/03\/8-Still-GL-1-1536x864.jpg 1536w, https:\/\/www.loekenfranke.de\/de\/wp-content\/uploads\/2021\/03\/8-Still-GL-1.jpg 1920w\" sizes=\"auto, (max-width: 1024px) 100vw, 1024px\" \/><\/figure>\n\n\n\n<figure class=\"wp-block-image size-large\"><img loading=\"lazy\" decoding=\"async\" width=\"1024\" height=\"576\" data-id=\"1356\" src=\"http:\/\/www.loekenfranke.de\/de\/wp-content\/uploads\/2021\/03\/9-Still-GL-1-1024x576.jpg\" alt=\"\" class=\"wp-image-1356\" srcset=\"https:\/\/www.loekenfranke.de\/de\/wp-content\/uploads\/2021\/03\/9-Still-GL-1-1024x576.jpg 1024w, https:\/\/www.loekenfranke.de\/de\/wp-content\/uploads\/2021\/03\/9-Still-GL-1-300x169.jpg 300w, https:\/\/www.loekenfranke.de\/de\/wp-content\/uploads\/2021\/03\/9-Still-GL-1-768x432.jpg 768w, https:\/\/www.loekenfranke.de\/de\/wp-content\/uploads\/2021\/03\/9-Still-GL-1-1536x864.jpg 1536w, https:\/\/www.loekenfranke.de\/de\/wp-content\/uploads\/2021\/03\/9-Still-GL-1.jpg 1920w\" sizes=\"auto, (max-width: 1024px) 100vw, 1024px\" \/><\/figure>\n\n\n\n<figure class=\"wp-block-image size-large\"><img loading=\"lazy\" decoding=\"async\" width=\"1024\" height=\"576\" data-id=\"1357\" src=\"http:\/\/www.loekenfranke.de\/de\/wp-content\/uploads\/2021\/03\/10-Still-GL-1-1024x576.jpg\" alt=\"\" class=\"wp-image-1357\" srcset=\"https:\/\/www.loekenfranke.de\/de\/wp-content\/uploads\/2021\/03\/10-Still-GL-1-1024x576.jpg 1024w, https:\/\/www.loekenfranke.de\/de\/wp-content\/uploads\/2021\/03\/10-Still-GL-1-300x169.jpg 300w, https:\/\/www.loekenfranke.de\/de\/wp-content\/uploads\/2021\/03\/10-Still-GL-1-768x432.jpg 768w, https:\/\/www.loekenfranke.de\/de\/wp-content\/uploads\/2021\/03\/10-Still-GL-1-1536x864.jpg 1536w, https:\/\/www.loekenfranke.de\/de\/wp-content\/uploads\/2021\/03\/10-Still-GL-1.jpg 1920w\" sizes=\"auto, (max-width: 1024px) 100vw, 1024px\" \/><\/figure>\n\n\n\n<figure class=\"wp-block-image size-large\"><img loading=\"lazy\" decoding=\"async\" width=\"1024\" height=\"576\" data-id=\"1358\" src=\"http:\/\/www.loekenfranke.de\/de\/wp-content\/uploads\/2021\/03\/11-Still-GL-1-1024x576.jpg\" alt=\"\" class=\"wp-image-1358\" srcset=\"https:\/\/www.loekenfranke.de\/de\/wp-content\/uploads\/2021\/03\/11-Still-GL-1-1024x576.jpg 1024w, https:\/\/www.loekenfranke.de\/de\/wp-content\/uploads\/2021\/03\/11-Still-GL-1-300x169.jpg 300w, https:\/\/www.loekenfranke.de\/de\/wp-content\/uploads\/2021\/03\/11-Still-GL-1-768x432.jpg 768w, https:\/\/www.loekenfranke.de\/de\/wp-content\/uploads\/2021\/03\/11-Still-GL-1-1536x864.jpg 1536w, https:\/\/www.loekenfranke.de\/de\/wp-content\/uploads\/2021\/03\/11-Still-GL-1.jpg 1920w\" sizes=\"auto, (max-width: 1024px) 100vw, 1024px\" \/><\/figure>\n\n\n\n<figure class=\"wp-block-image size-large\"><img loading=\"lazy\" decoding=\"async\" width=\"1024\" height=\"576\" data-id=\"1359\" src=\"http:\/\/www.loekenfranke.de\/de\/wp-content\/uploads\/2021\/03\/12-Still-GL-1-1024x576.jpg\" alt=\"\" class=\"wp-image-1359\" srcset=\"https:\/\/www.loekenfranke.de\/de\/wp-content\/uploads\/2021\/03\/12-Still-GL-1-1024x576.jpg 1024w, https:\/\/www.loekenfranke.de\/de\/wp-content\/uploads\/2021\/03\/12-Still-GL-1-300x169.jpg 300w, https:\/\/www.loekenfranke.de\/de\/wp-content\/uploads\/2021\/03\/12-Still-GL-1-768x432.jpg 768w, https:\/\/www.loekenfranke.de\/de\/wp-content\/uploads\/2021\/03\/12-Still-GL-1-1536x864.jpg 1536w, https:\/\/www.loekenfranke.de\/de\/wp-content\/uploads\/2021\/03\/12-Still-GL-1.jpg 1920w\" sizes=\"auto, (max-width: 1024px) 100vw, 1024px\" \/><\/figure>\n<\/figure>\n\n\n\n<div style=\"height:100px\" aria-hidden=\"true\" id=\"synopsis\" class=\"wp-block-spacer\"><\/div>\n\n\n\n<hr class=\"wp-block-separator has-css-opacity\"\/>\n\n\n\n<div style=\"height:70px\" aria-hidden=\"true\" class=\"wp-block-spacer\"><\/div>\n\n\n\n<p class=\"has-text-align-center\" style=\"font-size:22px\"><strong>SYNOPSIS<\/strong><\/p>\n\n\n\n<p>Februar 2008, Dortmund-H\u00f6rde. Eine Stadt im Ruhrgebiet, bis April 2001 einer der wichtigsten Stahlstandorte der Welt. Das riesige Gel\u00e4nde des Stahlwerkes Phoenix-Ost, das aussieht wie eine Mondlandschaft, soll in etwa zwei Jahren ein See sein, mit einer Marina und einer Piazza, die die Menschen aufatmen lassen. In hochwertigen H\u00e4usern und B\u00fcrogeb\u00e4uden werden sie direkt am Wasser wohnen und arbeiten.<br><br>Das gesamte Ruhrgebiet hatte in den vergangenen Jahrzehnten den massiven und zugleich schleichenden Strukturwandel der Deindustrialisierung zu stemmen. Ausgedehnte Fl\u00e4chen, auf denen fr\u00fcher Hoch\u00f6fen, Kokereien oder Stahlwerke Tag und Nacht in Betrieb waren, stehen mittlerweile leer und pr\u00e4gen die Stadtbilder. Die Bev\u00f6lkerungszahlen gehen zur\u00fcck, Menschen werden \u00e4lter und die Gesellschaft bunter. Den alten Dortmunder Arbeiterstadtteil H\u00f6rde ereilt mit Arbeitslosigkeit, st\u00e4dtebaulichem Verfall und allgemeiner Perspektivlosigkeit das Schicksal vieler ehemaliger Industriestandorte in Europa und Nordamerika. Lethargie macht sich breit. Das Gespenst der schrumpfenden St\u00e4dte geht um.<br><br>Doch schon bald nach dem Ende der Stahlindustrie werden die B\u00fcrger von H\u00f6rde durch die Visionen einiger vorausblickender M\u00e4nner und Frauen aus den Planungsst\u00e4ben der Stadt geweckt. In den Beschreibungen des Zukunftsprojektes ist nicht mehr von harter Arbeit die Rede, von Stahlwerk, Umweltverschmutzung oder L\u00e4rm. Die Stichworte lauten jetzt Freizeit und Erholung, Dienstleistungsgesellschaft und mediterraner Flair. Eine Idee ist geboren, die den Menschen eine nachhaltige Zukunft bieten soll. Kein bis dato typisches Ruhrgebietsszenario ist in den Pl\u00e4nen und K\u00f6pfen der PHOENIX See Entwicklungsgesellschaft mehr vorgesehen. Stattdessen soll ein harmonisches Nebeneinander von hochwertiger Wohnbebauung und renaturierter Landschaft entstehen, in der Freizeit und Arbeiten keinen Gegensatz bilden.<br><br>Jeder will dabei sein, beim Aufbruch in die neue Zeit. Eine Stra\u00dfe am Rande der Gro\u00dfbaustelle. Bis auf wenige Ausnahmen sind die H\u00e4user heruntergekommen und in einem schlechten Zustand. Jahrzehntelang haben Umweltverschmutzung, Abgase, Staub und Dreck an den Fassaden genagt. Einige stehen leer, die Fenster vernagelt. Billiger Wohnraum, den inzwischen untere Einkommensschichten und Verlierer des Strukturwandels nutzen. Sie wohnen seit Generationen hier, haben das Stahlwerk kommen und gehen sehen.<br><br>Hier bangt die Kioskbesitzerin Anna um Kunden, plauscht der Stadtteilpolizist Wegner mit seinen Sch\u00e4fchen, w\u00e4hrend am Bauzaun die Kiebitze den Fortschritt der Bagger und Abrissbirnen kommentieren. Am Infopoint zeichnet Ursula Klischan, gerade zur\u00fcck von der letzten Marketingsitzung, farbenfrohe Bilder aus Matsch und Phantasie, w\u00e4hrend am gegen\u00fcberliegenden Ufer Willi Garth, einer der letzten Retter der H\u00f6rder Thomasbirne, f\u00fcr das Begreifen der nicht minder von Menschenhand geschaffenen Vergangenheit k\u00e4mpft. So beginnt f\u00fcr viele eine kleine Reise in eine gro\u00dfe Zukunft.<br><br>Werden die neuen Bewohner in ihren Seeh\u00e4usern daran teilhaben? Von ihren Baugrundst\u00fccken aus k\u00f6nnen sie zum zuk\u00fcnftigen Ufer blicken. Die angrenzenden Wohngebiete m\u00fcssen aufgewertet und \u201esozial stabilisiert&#8220; werden. Planer und Entwickler wollen eine neue Stadt \u2013 mit neuen Menschen. Wie Ph\u00f6nix aus der Asche soll H\u00f6rde dabei wieder neu erstehen. Der Vogel ist Sinnbild f\u00fcr einen rasanten Aufstieg nach einem Fall oder einer Niederlage. Diesem Bild sind die Stadtplaner verhaftet, wenn sie den Erfolg des Vorhabens zu untermauern und die positive Dynamik ihrer Pl\u00e4ne zu unterstreichen suchen.<br><br>Wenn der See erst einmal geflutet ist, dann muss man schnell handeln, nichts darf schief gehen. Immerhin stecken in dem Projekt 300 Millionen Euro. Man will sich im globalen Markt positionieren, das neue, moderne Dortmund bauen. Die eine Gewissheit stets im Hinterkopf: Der Markt wird\u2019s regeln!<\/p>\n\n\n\n<div style=\"height:100px\" aria-hidden=\"true\" id=\"credits\" class=\"wp-block-spacer\"><\/div>\n\n\n\n<hr class=\"wp-block-separator has-css-opacity\"\/>\n\n\n\n<div style=\"height:70px\" aria-hidden=\"true\" class=\"wp-block-spacer\"><\/div>\n\n\n\n<p class=\"has-text-align-center\" style=\"font-size:22px\"><strong>CREDITS<\/strong><\/p>\n\n\n\n<div class=\"wp-block-columns is-layout-flex wp-container-core-columns-is-layout-8 wp-block-columns-is-layout-flex\">\n<div class=\"wp-block-column is-layout-flow wp-block-column-is-layout-flow\">\n<p><strong>G\u00f6ttliche Lage<\/strong><br>Eine Stadt erfindet sich neu<br>Deutschland 2014<br>99 Min (D)<\/p>\n\n\n\n<p><strong>Divine Location<\/strong><br>Germany 2014<br>99 Min (OmU englisch)<\/p>\n<\/div>\n\n\n\n<div class=\"wp-block-column is-layout-flow wp-block-column-is-layout-flow\">\n<p><strong>Drehbuch:<\/strong> Ulrike Franke, Michael Loeken<br><strong>Kamera:<\/strong> J\u00f6rg Adams, Michael Loeken, Dieter St\u00fcrmer<br><strong>Ton: <\/strong>Filipp Forberg, Axel Schmidt<br><strong>Schnitt<\/strong>: Bert Schmidt<br><strong>Musik: <\/strong>Eike Hosenfeld, Moritz Denis, Tim Stanzel<br><strong>Redaktion:<\/strong> Sabine Rollberg, Jutta Krug<br><strong>Co-Produktion: <\/strong>WDR\/arte<br><strong>F\u00f6rderung: <\/strong>Film- und Medienstiftung NRW, BKM, DFF<\/p>\n<\/div>\n<\/div>\n\n\n\n<div style=\"height:25px\" aria-hidden=\"true\" class=\"wp-block-spacer\"><\/div>\n\n\n\n<hr class=\"wp-block-separator has-css-opacity\"\/>\n\n\n\n<p><\/p>\n\n\n\n<div style=\"height:70px\" aria-hidden=\"true\" class=\"wp-block-spacer\"><\/div>\n","protected":false},"excerpt":{"rendered":"<p>Eine Stadt erfindet sich neu \/<br \/>\nL\u00e4nge: 99 Min.<\/p>\n","protected":false},"author":1,"featured_media":32,"comment_status":"closed","ping_status":"closed","sticky":false,"template":"","format":"standard","meta":{"ocean_post_layout":"","ocean_both_sidebars_style":"","ocean_both_sidebars_content_width":0,"ocean_both_sidebars_sidebars_width":0,"ocean_sidebar":"ocs-filmanker6","ocean_second_sidebar":"0","ocean_disable_margins":"enable","ocean_add_body_class":"","ocean_shortcode_before_top_bar":"","ocean_shortcode_after_top_bar":"","ocean_shortcode_before_header":"","ocean_shortcode_after_header":"","ocean_has_shortcode":"","ocean_shortcode_after_title":"","ocean_shortcode_before_footer_widgets":"","ocean_shortcode_after_footer_widgets":"","ocean_shortcode_before_footer_bottom":"","ocean_shortcode_after_footer_bottom":"","ocean_display_top_bar":"default","ocean_display_header":"default","ocean_header_style":"","ocean_center_header_left_menu":"0","ocean_custom_header_template":"0","ocean_custom_logo":0,"ocean_custom_retina_logo":0,"ocean_custom_logo_max_width":0,"ocean_custom_logo_tablet_max_width":0,"ocean_custom_logo_mobile_max_width":0,"ocean_custom_logo_max_height":0,"ocean_custom_logo_tablet_max_height":0,"ocean_custom_logo_mobile_max_height":0,"ocean_header_custom_menu":"0","ocean_menu_typo_font_family":"0","ocean_menu_typo_font_subset":"","ocean_menu_typo_font_size":0,"ocean_menu_typo_font_size_tablet":0,"ocean_menu_typo_font_size_mobile":0,"ocean_menu_typo_font_size_unit":"px","ocean_menu_typo_font_weight":"","ocean_menu_typo_font_weight_tablet":"","ocean_menu_typo_font_weight_mobile":"","ocean_menu_typo_transform":"","ocean_menu_typo_transform_tablet":"","ocean_menu_typo_transform_mobile":"","ocean_menu_typo_line_height":0,"ocean_menu_typo_line_height_tablet":0,"ocean_menu_typo_line_height_mobile":0,"ocean_menu_typo_line_height_unit":"","ocean_menu_typo_spacing":0,"ocean_menu_typo_spacing_tablet":0,"ocean_menu_typo_spacing_mobile":0,"ocean_menu_typo_spacing_unit":"","ocean_menu_link_color":"","ocean_menu_link_color_hover":"","ocean_menu_link_color_active":"","ocean_menu_link_background":"","ocean_menu_link_hover_background":"","ocean_menu_link_active_background":"","ocean_menu_social_links_bg":"","ocean_menu_social_hover_links_bg":"","ocean_menu_social_links_color":"","ocean_menu_social_hover_links_color":"","ocean_disable_title":"default","ocean_disable_heading":"default","ocean_post_title":"","ocean_post_subheading":"","ocean_post_title_style":"","ocean_post_title_background_color":"","ocean_post_title_background":0,"ocean_post_title_bg_image_position":"","ocean_post_title_bg_image_attachment":"","ocean_post_title_bg_image_repeat":"","ocean_post_title_bg_image_size":"","ocean_post_title_height":0,"ocean_post_title_bg_overlay":0.5,"ocean_post_title_bg_overlay_color":"","ocean_disable_breadcrumbs":"default","ocean_breadcrumbs_color":"","ocean_breadcrumbs_separator_color":"","ocean_breadcrumbs_links_color":"","ocean_breadcrumbs_links_hover_color":"","ocean_display_footer_widgets":"default","ocean_display_footer_bottom":"default","ocean_custom_footer_template":"0","ocean_post_oembed":"","ocean_post_self_hosted_media":"","ocean_post_video_embed":"","ocean_link_format":"","ocean_link_format_target":"self","ocean_quote_format":"","ocean_quote_format_link":"post","ocean_gallery_link_images":"on","ocean_gallery_id":[],"footnotes":""},"categories":[3,39],"tags":[],"class_list":["post-18","post","type-post","status-publish","format-standard","has-post-thumbnail","hentry","category-filme","category-watch","entry","has-media"],"pbg_featured_image_src":{"full":["https:\/\/www.loekenfranke.de\/de\/wp-content\/uploads\/2020\/11\/Bildschirmfoto-2020-11-06-um-14.19.32.png",404,571,false],"thumbnail":["https:\/\/www.loekenfranke.de\/de\/wp-content\/uploads\/2020\/11\/Bildschirmfoto-2020-11-06-um-14.19.32-150x150.png",150,150,true],"medium":["https:\/\/www.loekenfranke.de\/de\/wp-content\/uploads\/2020\/11\/Bildschirmfoto-2020-11-06-um-14.19.32-212x300.png",212,300,true],"medium_large":["https:\/\/www.loekenfranke.de\/de\/wp-content\/uploads\/2020\/11\/Bildschirmfoto-2020-11-06-um-14.19.32.png",404,571,false],"large":["https:\/\/www.loekenfranke.de\/de\/wp-content\/uploads\/2020\/11\/Bildschirmfoto-2020-11-06-um-14.19.32.png",404,571,false],"1536x1536":["https:\/\/www.loekenfranke.de\/de\/wp-content\/uploads\/2020\/11\/Bildschirmfoto-2020-11-06-um-14.19.32.png",404,571,false],"2048x2048":["https:\/\/www.loekenfranke.de\/de\/wp-content\/uploads\/2020\/11\/Bildschirmfoto-2020-11-06-um-14.19.32.png",404,571,false],"ocean-thumb-m":["https:\/\/www.loekenfranke.de\/de\/wp-content\/uploads\/2020\/11\/Bildschirmfoto-2020-11-06-um-14.19.32.png",404,571,false],"ocean-thumb-ml":["https:\/\/www.loekenfranke.de\/de\/wp-content\/uploads\/2020\/11\/Bildschirmfoto-2020-11-06-um-14.19.32.png",318,450,false],"ocean-thumb-l":["https:\/\/www.loekenfranke.de\/de\/wp-content\/uploads\/2020\/11\/Bildschirmfoto-2020-11-06-um-14.19.32.png",404,571,false]},"pbg_author_info":{"display_name":"marek2020","author_link":"https:\/\/www.loekenfranke.de\/?author=1","author_img":"<img alt='marek2020' src='https:\/\/secure.gravatar.com\/avatar\/ef1c3e56cd1df72661b9f2fa00e3a71f?s=128&#038;d=mm&#038;r=g' srcset='https:\/\/secure.gravatar.com\/avatar\/ef1c3e56cd1df72661b9f2fa00e3a71f?s=256&#038;d=mm&#038;r=g 2x' class='avatar avatar-128 photo' height='128' width='128' loading='lazy' decoding='async'\/>"},"pbg_comment_info":" No Comments","pbg_excerpt":"Eine Stadt erfindet sich neu \/ L\u00e4nge: 99 Min.","_links":{"self":[{"href":"https:\/\/www.loekenfranke.de\/index.php?rest_route=\/wp\/v2\/posts\/18","targetHints":{"allow":["GET"]}}],"collection":[{"href":"https:\/\/www.loekenfranke.de\/index.php?rest_route=\/wp\/v2\/posts"}],"about":[{"href":"https:\/\/www.loekenfranke.de\/index.php?rest_route=\/wp\/v2\/types\/post"}],"author":[{"embeddable":true,"href":"https:\/\/www.loekenfranke.de\/index.php?rest_route=\/wp\/v2\/users\/1"}],"replies":[{"embeddable":true,"href":"https:\/\/www.loekenfranke.de\/index.php?rest_route=%2Fwp%2Fv2%2Fcomments&post=18"}],"version-history":[{"count":312,"href":"https:\/\/www.loekenfranke.de\/index.php?rest_route=\/wp\/v2\/posts\/18\/revisions"}],"predecessor-version":[{"id":3048,"href":"https:\/\/www.loekenfranke.de\/index.php?rest_route=\/wp\/v2\/posts\/18\/revisions\/3048"}],"wp:featuredmedia":[{"embeddable":true,"href":"https:\/\/www.loekenfranke.de\/index.php?rest_route=\/wp\/v2\/media\/32"}],"wp:attachment":[{"href":"https:\/\/www.loekenfranke.de\/index.php?rest_route=%2Fwp%2Fv2%2Fmedia&parent=18"}],"wp:term":[{"taxonomy":"category","embeddable":true,"href":"https:\/\/www.loekenfranke.de\/index.php?rest_route=%2Fwp%2Fv2%2Fcategories&post=18"},{"taxonomy":"post_tag","embeddable":true,"href":"https:\/\/www.loekenfranke.de\/index.php?rest_route=%2Fwp%2Fv2%2Ftags&post=18"}],"curies":[{"name":"wp","href":"https:\/\/api.w.org\/{rel}","templated":true}]}}